{"id":3590,"date":"2023-08-07T03:10:08","date_gmt":"2023-08-07T03:10:08","guid":{"rendered":"https:\/\/www.servandogaleria.cu\/?p=3590"},"modified":"2023-09-17T12:16:45","modified_gmt":"2023-09-17T12:16:45","slug":"galeria-servando-inaugura-exposicion-personal-de-niels-reyes-el-toro-por-las-astas","status":"publish","type":"post","link":"https:\/\/www.servandogaleria.cu\/en\/galeria-servando-inaugura-exposicion-personal-de-niels-reyes-el-toro-por-las-astas\/","title":{"rendered":"Galer\u00eda Servando inaugura exposici\u00f3n personal de Niels Reyes, &#8220;El toro por las astas&#8221;"},"content":{"rendered":"<p>El viernes 11 de agosto a las 7:00 pm, la galer\u00eda Servando inaugurar\u00e1 la exposici\u00f3n personal \u201cEl toro por las astas\u201d, de Niels Reyes; artista cubano perteneciente a la n\u00f3mina de la instituci\u00f3n, con la cual ha trabajado en otras oportunidades.<\/p>\n<p>\u201cEl toro por las astas\u201d pretende mostrar los actuales derroteros de la producci\u00f3n pict\u00f3rica de este creador, que cuenta con una trayectoria art\u00edstica reconocida nacional e internacionalmente. Sus inquietudes creativas y vivenciales se dejan ver en las obras que componen la muestra; obras en las que sus conocidos rostros, motivo que se ha constituido en su marca personal, ceden espacio a otras visualidades.<\/p>\n<p>La exposici\u00f3n estar\u00e1 abierta al p\u00fablico en sus horarios habituales (de lunes a viernes, de 9:00 am a 4:00 pm) el resto del mes de agosto y todo el mes de septiembre.<\/p>","protected":false},"excerpt":{"rendered":"<p>El viernes 11 de agosto a las 7:00 pm, la galer\u00eda Servando<\/p>\n<p class='read-more'><a href=https:\/\/www.servandogaleria.cu\/en\/galeria-servando-inaugura-exposicion-personal-de-niels-reyes-el-toro-por-las-astas\/>Read More &raquo;<\/a><\/p>","protected":false},"author":3,"featured_media":3594,"comment_status":"closed","ping_status":"closed","sticky":false,"template":"","format":"image","meta":{"kt_blocks_editor_width":""},"categories":[13],"tags":[],"acf":[],"wbAuthor":{"name":"servando","link":"https:\/\/www.servandogaleria.cu\/en\/author\/servando\/"},"wbDate":"Aug 7, 2023","wbCategories":{"space":"<a href=\"https:\/\/www.servandogaleria.cu\/en\/category\/actualidad\/\" rel=\"category tag\">Actualidad<\/a>","coma":"<a href=\"https:\/\/www.servandogaleria.cu\/en\/category\/actualidad\/\" rel=\"category tag\">Actualidad<\/a>"},"wbComment":0,"uagb_featured_image_src":{"full":["https:\/\/www.servandogaleria.cu\/wp-content\/uploads\/2023\/08\/WhatsApp-Image-2023-08-17-at-8.14.00-PM.jpeg",886,1240,false],"thumbnail":["https:\/\/www.servandogaleria.cu\/wp-content\/uploads\/2023\/08\/WhatsApp-Image-2023-08-17-at-8.14.00-PM-150x150.jpeg",150,150,true],"medium":["https:\/\/www.servandogaleria.cu\/wp-content\/uploads\/2023\/08\/WhatsApp-Image-2023-08-17-at-8.14.00-PM-214x300.jpeg",214,300,true],"medium_large":["https:\/\/www.servandogaleria.cu\/wp-content\/uploads\/2023\/08\/WhatsApp-Image-2023-08-17-at-8.14.00-PM-768x1075.jpeg",768,1075,true],"large":["https:\/\/www.servandogaleria.cu\/wp-content\/uploads\/2023\/08\/WhatsApp-Image-2023-08-17-at-8.14.00-PM-732x1024.jpeg",732,1024,true],"1536x1536":["https:\/\/www.servandogaleria.cu\/wp-content\/uploads\/2023\/08\/WhatsApp-Image-2023-08-17-at-8.14.00-PM.jpeg",886,1240,false],"2048x2048":["https:\/\/www.servandogaleria.cu\/wp-content\/uploads\/2023\/08\/WhatsApp-Image-2023-08-17-at-8.14.00-PM.jpeg",886,1240,false],"trp-custom-language-flag":["https:\/\/www.servandogaleria.cu\/wp-content\/uploads\/2023\/08\/WhatsApp-Image-2023-08-17-at-8.14.00-PM-9x12.jpeg",9,12,true],"ultp_layout_landscape_large":["https:\/\/www.servandogaleria.cu\/wp-content\/uploads\/2023\/08\/WhatsApp-Image-2023-08-17-at-8.14.00-PM-886x800.jpeg",886,800,true],"ultp_layout_landscape":["https:\/\/www.servandogaleria.cu\/wp-content\/uploads\/2023\/08\/WhatsApp-Image-2023-08-17-at-8.14.00-PM-870x570.jpeg",870,570,true],"ultp_layout_portrait":["https:\/\/www.servandogaleria.cu\/wp-content\/uploads\/2023\/08\/WhatsApp-Image-2023-08-17-at-8.14.00-PM-600x900.jpeg",600,900,true],"ultp_layout_square":["https:\/\/www.servandogaleria.cu\/wp-content\/uploads\/2023\/08\/WhatsApp-Image-2023-08-17-at-8.14.00-PM-600x600.jpeg",600,600,true],"sydney-large-thumb":["https:\/\/www.servandogaleria.cu\/wp-content\/uploads\/2023\/08\/WhatsApp-Image-2023-08-17-at-8.14.00-PM.jpeg",886,1240,false],"sydney-medium-thumb":["https:\/\/www.servandogaleria.cu\/wp-content\/uploads\/2023\/08\/WhatsApp-Image-2023-08-17-at-8.14.00-PM-550x400.jpeg",550,400,true],"sydney-small-thumb":["https:\/\/www.servandogaleria.cu\/wp-content\/uploads\/2023\/08\/WhatsApp-Image-2023-08-17-at-8.14.00-PM-230x322.jpeg",230,322,true],"sydney-service-thumb":["https:\/\/www.servandogaleria.cu\/wp-content\/uploads\/2023\/08\/WhatsApp-Image-2023-08-17-at-8.14.00-PM-350x490.jpeg",350,490,true],"sydney-mas-thumb":["https:\/\/www.servandogaleria.cu\/wp-content\/uploads\/2023\/08\/WhatsApp-Image-2023-08-17-at-8.14.00-PM-480x672.jpeg",480,672,true],"mailpoet_newsletter_max":["https:\/\/www.servandogaleria.cu\/wp-content\/uploads\/2023\/08\/WhatsApp-Image-2023-08-17-at-8.14.00-PM.jpeg",886,1240,false]},"uagb_author_info":{"display_name":"servando","author_link":"https:\/\/www.servandogaleria.cu\/en\/author\/servando\/"},"uagb_comment_info":0,"uagb_excerpt":"El viernes 11 de agosto a las 7:00 pm, la galer\u00eda ServandoRead More &raquo;","_links":{"self":[{"href":"https:\/\/www.servandogaleria.cu\/en\/wp-json\/wp\/v2\/posts\/3590"}],"collection":[{"href":"https:\/\/www.servandogaleria.cu\/en\/wp-json\/wp\/v2\/posts"}],"about":[{"href":"https:\/\/www.servandogaleria.cu\/en\/wp-json\/wp\/v2\/types\/post"}],"author":[{"embeddable":true,"href":"https:\/\/www.servandogaleria.cu\/en\/wp-json\/wp\/v2\/users\/3"}],"replies":[{"embeddable":true,"href":"https:\/\/www.servandogaleria.cu\/en\/wp-json\/wp\/v2\/comments?post=3590"}],"version-history":[{"count":3,"href":"https:\/\/www.servandogaleria.cu\/en\/wp-json\/wp\/v2\/posts\/3590\/revisions"}],"predecessor-version":[{"id":3593,"href":"https:\/\/www.servandogaleria.cu\/en\/wp-json\/wp\/v2\/posts\/3590\/revisions\/3593"}],"wp:featuredmedia":[{"embeddable":true,"href":"https:\/\/www.servandogaleria.cu\/en\/wp-json\/wp\/v2\/media\/3594"}],"wp:attachment":[{"href":"https:\/\/www.servandogaleria.cu\/en\/wp-json\/wp\/v2\/media?parent=3590"}],"wp:term":[{"taxonomy":"category","embeddable":true,"href":"https:\/\/www.servandogaleria.cu\/en\/wp-json\/wp\/v2\/categories?post=3590"},{"taxonomy":"post_tag","embeddable":true,"href":"https:\/\/www.servandogaleria.cu\/en\/wp-json\/wp\/v2\/tags?post=3590"}],"curies":[{"name":"wp","href":"https:\/\/api.w.org\/{rel}","templated":true}]}}